{"id":9286,"date":"2026-01-09T12:29:07","date_gmt":"2026-01-09T17:29:07","guid":{"rendered":"https:\/\/www.12rbc.ca\/?p=9286"},"modified":"2026-01-09T12:31:01","modified_gmt":"2026-01-09T17:31:01","slug":"ceremonie-de-passation-du-colonel-du-regiment","status":"publish","type":"post","link":"https:\/\/www.12rbc.ca\/en\/ceremonie-de-passation-du-colonel-du-regiment\/","title":{"rendered":"C\u00e9r\u00e9monie de passation du Colonel du R\u00e9giment"},"content":{"rendered":"\n<p>Le 25 octobre 2025, la c\u00e9r\u00e9monie de passation du Colonel du R\u00e9giment entre le Col Guy Maillet et la MGen Jean-Marc Lanthier a eu lieu \u00e0 Trois-Rivi\u00e8res, suivie d&#8217;un diner \u00e0 la chandelle \u00e0 l&#8217;Auberge Gaudefroy. Vous trouverez les photos des ces \u00e9v\u00e9nements au lien <a href=\"https:\/\/photos.google.com\/u\/1\/share\/AF1QipPj-II-uQSRTx3BEAfF82XXxDFkdTbJp5rcwaU3pJxDh78fP9a7_VbolwU2zpfjsg?hl=fr_CA&amp;pli=1&amp;key=RG4xZ1kzNWIxeHd1N3dPVWRUTHdxTUpuT1JERFN3\" target=\"_blank\" rel=\"noreferrer noopener\">suivant<\/a><\/p>\n","protected":false},"excerpt":{"rendered":"<p>Le 25 octobre 2025, la c\u00e9r\u00e9monie de passation du Colonel du R\u00e9giment entre le Col Guy Maillet et la MGen Jean-Marc Lanthier a eu lieu \u00e0 Trois-Rivi\u00e8res, suivie d&#8217;un diner \u00e0 la chandelle \u00e0 l&#8217;Auberge Gaudefroy. Vous trouverez les photos des ces \u00e9v\u00e9nements au lien suivant<\/p>\n","protected":false},"author":507,"featured_media":0,"comment_status":"closed","ping_status":"closed","sticky":false,"template":"","format":"standard","meta":{"_acf_changed":false,"inline_featured_image":false,"_jetpack_memberships_contains_paid_content":false,"footnotes":""},"categories":[1],"tags":[],"class_list":["post-9286","post","type-post","status-publish","format-standard","hentry","category-nouvelles"],"acf":[],"yoast_head":"<!-- This site is optimized with the Yoast SEO plugin v27.5 - https:\/\/yoast.com\/product\/yoast-seo-wordpress\/ -->\n<title>C\u00e9r\u00e9monie de passation du Colonel du R\u00e9giment - Association du 12i\u00e8me R\u00e9giment blind\u00e9 du Canada<\/title>\n<meta name=\"robots\" content=\"index, follow, max-snippet:-1, max-image-preview:large, max-video-preview:-1\" \/>\n<link rel=\"canonical\" href=\"https:\/\/www.12rbc.ca\/en\/ceremonie-de-passation-du-colonel-du-regiment\/\" \/>\n<meta property=\"og:locale\" content=\"en_US\" \/>\n<meta property=\"og:type\" content=\"article\" \/>\n<meta property=\"og:title\" content=\"C\u00e9r\u00e9monie de passation du Colonel du R\u00e9giment - Association du 12i\u00e8me R\u00e9giment blind\u00e9 du Canada\" \/>\n<meta property=\"og:description\" content=\"Le 25 octobre 2025, la c\u00e9r\u00e9monie de passation du Colonel du R\u00e9giment entre le Col Guy Maillet et la MGen Jean-Marc Lanthier a eu lieu \u00e0 Trois-Rivi\u00e8res, suivie d&#8217;un diner \u00e0 la chandelle \u00e0 l&#8217;Auberge Gaudefroy. Vous trouverez les photos des ces \u00e9v\u00e9nements au lien suivant\" \/>\n<meta property=\"og:url\" content=\"https:\/\/www.12rbc.ca\/en\/ceremonie-de-passation-du-colonel-du-regiment\/\" \/>\n<meta property=\"og:site_name\" content=\"Association du 12i\u00e8me R\u00e9giment blind\u00e9 du Canada\" \/>\n<meta property=\"article:published_time\" content=\"2026-01-09T17:29:07+00:00\" \/>\n<meta property=\"article:modified_time\" content=\"2026-01-09T17:31:01+00:00\" \/>\n<meta name=\"author\" content=\"Directrice communication\" \/>\n<meta name=\"twitter:card\" content=\"summary_large_image\" \/>\n<meta name=\"twitter:label1\" content=\"Written by\" \/>\n\t<meta name=\"twitter:data1\" content=\"Directrice communication\" \/>\n\t<meta name=\"twitter:label2\" content=\"Est. reading time\" \/>\n\t<meta name=\"twitter:data2\" content=\"1 minute\" \/>\n<script type=\"application\/ld+json\" class=\"yoast-schema-graph\">{\"@context\":\"https:\\\/\\\/schema.org\",\"@graph\":[{\"@type\":\"Article\",\"@id\":\"https:\\\/\\\/www.12rbc.ca\\\/en\\\/ceremonie-de-passation-du-colonel-du-regiment\\\/#article\",\"isPartOf\":{\"@id\":\"https:\\\/\\\/www.12rbc.ca\\\/en\\\/ceremonie-de-passation-du-colonel-du-regiment\\\/\"},\"author\":{\"name\":\"Directrice communication\",\"@id\":\"https:\\\/\\\/www.12rbc.ca\\\/en\\\/#\\\/schema\\\/person\\\/f54886da50ec0dc539d6a893ce563ed5\"},\"headline\":\"C\u00e9r\u00e9monie de passation du Colonel du R\u00e9giment\",\"datePublished\":\"2026-01-09T17:29:07+00:00\",\"dateModified\":\"2026-01-09T17:31:01+00:00\",\"mainEntityOfPage\":{\"@id\":\"https:\\\/\\\/www.12rbc.ca\\\/en\\\/ceremonie-de-passation-du-colonel-du-regiment\\\/\"},\"wordCount\":58,\"articleSection\":[\"Nouvelles\"],\"inLanguage\":\"en-US\"},{\"@type\":\"WebPage\",\"@id\":\"https:\\\/\\\/www.12rbc.ca\\\/en\\\/ceremonie-de-passation-du-colonel-du-regiment\\\/\",\"url\":\"https:\\\/\\\/www.12rbc.ca\\\/en\\\/ceremonie-de-passation-du-colonel-du-regiment\\\/\",\"name\":\"C\u00e9r\u00e9monie de passation du Colonel du R\u00e9giment - Association du 12i\u00e8me R\u00e9giment blind\u00e9 du Canada\",\"isPartOf\":{\"@id\":\"https:\\\/\\\/www.12rbc.ca\\\/en\\\/#website\"},\"datePublished\":\"2026-01-09T17:29:07+00:00\",\"dateModified\":\"2026-01-09T17:31:01+00:00\",\"author\":{\"@id\":\"https:\\\/\\\/www.12rbc.ca\\\/en\\\/#\\\/schema\\\/person\\\/f54886da50ec0dc539d6a893ce563ed5\"},\"breadcrumb\":{\"@id\":\"https:\\\/\\\/www.12rbc.ca\\\/en\\\/ceremonie-de-passation-du-colonel-du-regiment\\\/#breadcrumb\"},\"inLanguage\":\"en-US\",\"potentialAction\":[{\"@type\":\"ReadAction\",\"target\":[\"https:\\\/\\\/www.12rbc.ca\\\/en\\\/ceremonie-de-passation-du-colonel-du-regiment\\\/\"]}]},{\"@type\":\"BreadcrumbList\",\"@id\":\"https:\\\/\\\/www.12rbc.ca\\\/en\\\/ceremonie-de-passation-du-colonel-du-regiment\\\/#breadcrumb\",\"itemListElement\":[{\"@type\":\"ListItem\",\"position\":1,\"name\":\"Accueil\",\"item\":\"https:\\\/\\\/www.12rbc.ca\\\/en\\\/accueil\\\/\"},{\"@type\":\"ListItem\",\"position\":2,\"name\":\"C\u00e9r\u00e9monie de passation du Colonel du R\u00e9giment\"}]},{\"@type\":\"WebSite\",\"@id\":\"https:\\\/\\\/www.12rbc.ca\\\/en\\\/#website\",\"url\":\"https:\\\/\\\/www.12rbc.ca\\\/en\\\/\",\"name\":\"Association du 12i\u00e8me R\u00e9giment blind\u00e9 du Canada\",\"description\":\"\",\"potentialAction\":[{\"@type\":\"SearchAction\",\"target\":{\"@type\":\"EntryPoint\",\"urlTemplate\":\"https:\\\/\\\/www.12rbc.ca\\\/en\\\/?s={search_term_string}\"},\"query-input\":{\"@type\":\"PropertyValueSpecification\",\"valueRequired\":true,\"valueName\":\"search_term_string\"}}],\"inLanguage\":\"en-US\"},{\"@type\":\"Person\",\"@id\":\"https:\\\/\\\/www.12rbc.ca\\\/en\\\/#\\\/schema\\\/person\\\/f54886da50ec0dc539d6a893ce563ed5\",\"name\":\"Directrice communication\",\"image\":{\"@type\":\"ImageObject\",\"inLanguage\":\"en-US\",\"@id\":\"https:\\\/\\\/secure.gravatar.com\\\/avatar\\\/2b8eacd7feef87a9e5bd048e382b41e081beb54a9ba88ff9c2d5a7993608404e?s=96&d=mm&r=g\",\"url\":\"https:\\\/\\\/secure.gravatar.com\\\/avatar\\\/2b8eacd7feef87a9e5bd048e382b41e081beb54a9ba88ff9c2d5a7993608404e?s=96&d=mm&r=g\",\"contentUrl\":\"https:\\\/\\\/secure.gravatar.com\\\/avatar\\\/2b8eacd7feef87a9e5bd048e382b41e081beb54a9ba88ff9c2d5a7993608404e?s=96&d=mm&r=g\",\"caption\":\"Directrice communication\"},\"url\":\"https:\\\/\\\/www.12rbc.ca\\\/en\\\/author\\\/directrice-communication\\\/\"}]}<\/script>\n<!-- \/ Yoast SEO plugin. -->","yoast_head_json":{"title":"C\u00e9r\u00e9monie de passation du Colonel du R\u00e9giment - Association du 12i\u00e8me R\u00e9giment blind\u00e9 du Canada","robots":{"index":"index","follow":"follow","max-snippet":"max-snippet:-1","max-image-preview":"max-image-preview:large","max-video-preview":"max-video-preview:-1"},"canonical":"https:\/\/www.12rbc.ca\/en\/ceremonie-de-passation-du-colonel-du-regiment\/","og_locale":"en_US","og_type":"article","og_title":"C\u00e9r\u00e9monie de passation du Colonel du R\u00e9giment - Association du 12i\u00e8me R\u00e9giment blind\u00e9 du Canada","og_description":"Le 25 octobre 2025, la c\u00e9r\u00e9monie de passation du Colonel du R\u00e9giment entre le Col Guy Maillet et la MGen Jean-Marc Lanthier a eu lieu \u00e0 Trois-Rivi\u00e8res, suivie d&#8217;un diner \u00e0 la chandelle \u00e0 l&#8217;Auberge Gaudefroy. Vous trouverez les photos des ces \u00e9v\u00e9nements au lien suivant","og_url":"https:\/\/www.12rbc.ca\/en\/ceremonie-de-passation-du-colonel-du-regiment\/","og_site_name":"Association du 12i\u00e8me R\u00e9giment blind\u00e9 du Canada","article_published_time":"2026-01-09T17:29:07+00:00","article_modified_time":"2026-01-09T17:31:01+00:00","author":"Directrice communication","twitter_card":"summary_large_image","twitter_misc":{"Written by":"Directrice communication","Est. reading time":"1 minute"},"schema":{"@context":"https:\/\/schema.org","@graph":[{"@type":"Article","@id":"https:\/\/www.12rbc.ca\/en\/ceremonie-de-passation-du-colonel-du-regiment\/#article","isPartOf":{"@id":"https:\/\/www.12rbc.ca\/en\/ceremonie-de-passation-du-colonel-du-regiment\/"},"author":{"name":"Directrice communication","@id":"https:\/\/www.12rbc.ca\/en\/#\/schema\/person\/f54886da50ec0dc539d6a893ce563ed5"},"headline":"C\u00e9r\u00e9monie de passation du Colonel du R\u00e9giment","datePublished":"2026-01-09T17:29:07+00:00","dateModified":"2026-01-09T17:31:01+00:00","mainEntityOfPage":{"@id":"https:\/\/www.12rbc.ca\/en\/ceremonie-de-passation-du-colonel-du-regiment\/"},"wordCount":58,"articleSection":["Nouvelles"],"inLanguage":"en-US"},{"@type":"WebPage","@id":"https:\/\/www.12rbc.ca\/en\/ceremonie-de-passation-du-colonel-du-regiment\/","url":"https:\/\/www.12rbc.ca\/en\/ceremonie-de-passation-du-colonel-du-regiment\/","name":"C\u00e9r\u00e9monie de passation du Colonel du R\u00e9giment - Association du 12i\u00e8me R\u00e9giment blind\u00e9 du Canada","isPartOf":{"@id":"https:\/\/www.12rbc.ca\/en\/#website"},"datePublished":"2026-01-09T17:29:07+00:00","dateModified":"2026-01-09T17:31:01+00:00","author":{"@id":"https:\/\/www.12rbc.ca\/en\/#\/schema\/person\/f54886da50ec0dc539d6a893ce563ed5"},"breadcrumb":{"@id":"https:\/\/www.12rbc.ca\/en\/ceremonie-de-passation-du-colonel-du-regiment\/#breadcrumb"},"inLanguage":"en-US","potentialAction":[{"@type":"ReadAction","target":["https:\/\/www.12rbc.ca\/en\/ceremonie-de-passation-du-colonel-du-regiment\/"]}]},{"@type":"BreadcrumbList","@id":"https:\/\/www.12rbc.ca\/en\/ceremonie-de-passation-du-colonel-du-regiment\/#breadcrumb","itemListElement":[{"@type":"ListItem","position":1,"name":"Accueil","item":"https:\/\/www.12rbc.ca\/en\/accueil\/"},{"@type":"ListItem","position":2,"name":"C\u00e9r\u00e9monie de passation du Colonel du R\u00e9giment"}]},{"@type":"WebSite","@id":"https:\/\/www.12rbc.ca\/en\/#website","url":"https:\/\/www.12rbc.ca\/en\/","name":"Association du 12i\u00e8me R\u00e9giment blind\u00e9 du Canada","description":"","potentialAction":[{"@type":"SearchAction","target":{"@type":"EntryPoint","urlTemplate":"https:\/\/www.12rbc.ca\/en\/?s={search_term_string}"},"query-input":{"@type":"PropertyValueSpecification","valueRequired":true,"valueName":"search_term_string"}}],"inLanguage":"en-US"},{"@type":"Person","@id":"https:\/\/www.12rbc.ca\/en\/#\/schema\/person\/f54886da50ec0dc539d6a893ce563ed5","name":"Directrice communication","image":{"@type":"ImageObject","inLanguage":"en-US","@id":"https:\/\/secure.gravatar.com\/avatar\/2b8eacd7feef87a9e5bd048e382b41e081beb54a9ba88ff9c2d5a7993608404e?s=96&d=mm&r=g","url":"https:\/\/secure.gravatar.com\/avatar\/2b8eacd7feef87a9e5bd048e382b41e081beb54a9ba88ff9c2d5a7993608404e?s=96&d=mm&r=g","contentUrl":"https:\/\/secure.gravatar.com\/avatar\/2b8eacd7feef87a9e5bd048e382b41e081beb54a9ba88ff9c2d5a7993608404e?s=96&d=mm&r=g","caption":"Directrice communication"},"url":"https:\/\/www.12rbc.ca\/en\/author\/directrice-communication\/"}]}},"jetpack_featured_media_url":"","jetpack_sharing_enabled":true,"_links":{"self":[{"href":"https:\/\/www.12rbc.ca\/en\/wp-json\/wp\/v2\/posts\/9286","targetHints":{"allow":["GET"]}}],"collection":[{"href":"https:\/\/www.12rbc.ca\/en\/wp-json\/wp\/v2\/posts"}],"about":[{"href":"https:\/\/www.12rbc.ca\/en\/wp-json\/wp\/v2\/types\/post"}],"author":[{"embeddable":true,"href":"https:\/\/www.12rbc.ca\/en\/wp-json\/wp\/v2\/users\/507"}],"replies":[{"embeddable":true,"href":"https:\/\/www.12rbc.ca\/en\/wp-json\/wp\/v2\/comments?post=9286"}],"version-history":[{"count":0,"href":"https:\/\/www.12rbc.ca\/en\/wp-json\/wp\/v2\/posts\/9286\/revisions"}],"wp:attachment":[{"href":"https:\/\/www.12rbc.ca\/en\/wp-json\/wp\/v2\/media?parent=9286"}],"wp:term":[{"taxonomy":"category","embeddable":true,"href":"https:\/\/www.12rbc.ca\/en\/wp-json\/wp\/v2\/categories?post=9286"},{"taxonomy":"post_tag","embeddable":true,"href":"https:\/\/www.12rbc.ca\/en\/wp-json\/wp\/v2\/tags?post=9286"}],"curies":[{"name":"wp","href":"https:\/\/api.w.org\/{rel}","templated":true}]}}